
{"id":1591,"date":"2020-05-13T12:06:35","date_gmt":"2020-05-13T12:06:35","guid":{"rendered":"https:\/\/sherpagranada.com\/blog\/?p=1591"},"modified":"2020-06-23T09:40:59","modified_gmt":"2020-06-23T09:40:59","slug":"expedicion-manaslu-2014","status":"publish","type":"post","link":"https:\/\/sherpagranada.com\/blog\/2020\/05\/13\/expedicion-manaslu-2014\/","title":{"rendered":"Expedici\u00f3n Manaslu 2014"},"content":{"rendered":"\n<p>Una aventura de andaluces en la monta\u00f1a de los esp\u00edritus.  La octava monta\u00f1a m\u00e1s  alta del mundo que fu\u00e9 ascendida por primera vez en 1956 por una expedici\u00f3n Japonesa.  <\/p>\n\n\n\n<!--more-->\n\n\n\n<p>Documental basado en una entrevista realizada por Radio Arag\u00f3n a nuestro compa\u00f1ero Fernando Fern\u00e1ndez Vivancos desde el campo I del Manaslu. <\/p>\n\n\n\n<p>Un grupo de amigos en una expedici\u00f3n que quedar\u00e1 para el recuerdo.  <\/p>\n\n\n\n<div style=\"height:100px\" aria-hidden=\"true\" class=\"wp-block-spacer\"><\/div>\n\n\n\n<p><\/p>\n\n\n\n<figure class=\"wp-block-embed-youtube aligncenter wp-block-embed is-type-video is-provider-youtube wp-embed-aspect-16-9 wp-has-aspect-ratio\"><div class=\"wp-block-embed__wrapper\">\n<iframe loading=\"lazy\" title=\"Expedici\u00f3n Manaslu 2014 - Deportes Sherpa Granada\" width=\"500\" height=\"281\" src=\"https:\/\/www.youtube.com\/embed\/9MxfIdp2Z3w?feature=oembed\" frameborder=\"0\" allow=\"accelerometer; autoplay; encrypted-media; gyroscope; picture-in-picture\" allowfullscreen><\/iframe>\n<\/div><\/figure>\n","protected":false},"excerpt":{"rendered":"<p>Una aventura de andaluces en la monta\u00f1a de los esp\u00edritus. La octava monta\u00f1a m\u00e1s alta del mundo que fu\u00e9 ascendida por primera vez en 1956 por una expedici\u00f3n Japonesa.<\/p>\n","protected":false},"author":3,"featured_media":1592,"comment_status":"open","ping_status":"open","sticky":false,"template":"","format":"standard","meta":[],"categories":[22,1],"tags":[],"yoast_head":"<!-- This site is optimized with the Yoast SEO plugin v15.9.2 - https:\/\/yoast.com\/wordpress\/plugins\/seo\/ -->\n<title>Expedici\u00f3n Manaslu 2014 - Deportes Sherpa Granada<\/title>\n<meta name=\"description\" content=\"Documental basado en una entrevista realizada por Radio Arag\u00f3n a nuestro compa\u00f1ero Fernando Fern\u00e1ndez Vivancos desde el campo I del Manaslu.\" \/>\n<link rel=\"canonical\" href=\"https:\/\/sherpagranada.com\/blog\/2020\/05\/13\/expedicion-manaslu-2014\/\" \/>\n<meta property=\"og:locale\" content=\"es_ES\" \/>\n<meta property=\"og:type\" content=\"article\" \/>\n<meta property=\"og:title\" content=\"Expedici\u00f3n Manaslu 2014 - Deportes Sherpa Granada\" \/>\n<meta property=\"og:description\" content=\"Documental basado en una entrevista realizada por Radio Arag\u00f3n a nuestro compa\u00f1ero Fernando Fern\u00e1ndez Vivancos desde el campo I del Manaslu.\" \/>\n<meta property=\"og:url\" content=\"https:\/\/sherpagranada.com\/blog\/2020\/05\/13\/expedicion-manaslu-2014\/\" \/>\n<meta property=\"og:site_name\" content=\"Deportes Sherpa Granada\" \/>\n<meta property=\"article:published_time\" content=\"2020-05-13T12:06:35+00:00\" \/>\n<meta property=\"article:modified_time\" content=\"2020-06-23T09:40:59+00:00\" \/>\n<meta property=\"og:image\" content=\"https:\/\/sherpagranada.com\/blog\/wp-content\/uploads\/2020\/05\/Expedici\u00f3n-Manaslu-2014-AV.jpg\" \/>\n\t<meta property=\"og:image:width\" content=\"1920\" \/>\n\t<meta property=\"og:image:height\" content=\"1080\" \/>\n<meta name=\"twitter:card\" content=\"summary_large_image\" \/>\n<script type=\"application\/ld+json\" class=\"yoast-schema-graph\">{\"@context\":\"https:\/\/schema.org\",\"@graph\":[{\"@type\":\"WebSite\",\"@id\":\"https:\/\/sherpagranada.com\/blog\/#website\",\"url\":\"https:\/\/sherpagranada.com\/blog\/\",\"name\":\"Deportes Sherpa Granada\",\"description\":\"Blog sobre deportes de monta\\u00f1a\",\"potentialAction\":[{\"@type\":\"SearchAction\",\"target\":\"https:\/\/sherpagranada.com\/blog\/?s={search_term_string}\",\"query-input\":\"required name=search_term_string\"}],\"inLanguage\":\"es\"},{\"@type\":\"ImageObject\",\"@id\":\"https:\/\/sherpagranada.com\/blog\/2020\/05\/13\/expedicion-manaslu-2014\/#primaryimage\",\"inLanguage\":\"es\",\"url\":\"https:\/\/sherpagranada.com\/blog\/wp-content\/uploads\/2020\/05\/Expedici\\u00f3n-Manaslu-2014-AV.jpg\",\"width\":1920,\"height\":1080,\"caption\":\"Un grupo de amigos en una expedici\\u00f3n que quedar\\u00e1 para el recuerdo.\"},{\"@type\":\"WebPage\",\"@id\":\"https:\/\/sherpagranada.com\/blog\/2020\/05\/13\/expedicion-manaslu-2014\/#webpage\",\"url\":\"https:\/\/sherpagranada.com\/blog\/2020\/05\/13\/expedicion-manaslu-2014\/\",\"name\":\"Expedici\\u00f3n Manaslu 2014 - Deportes Sherpa Granada\",\"isPartOf\":{\"@id\":\"https:\/\/sherpagranada.com\/blog\/#website\"},\"primaryImageOfPage\":{\"@id\":\"https:\/\/sherpagranada.com\/blog\/2020\/05\/13\/expedicion-manaslu-2014\/#primaryimage\"},\"datePublished\":\"2020-05-13T12:06:35+00:00\",\"dateModified\":\"2020-06-23T09:40:59+00:00\",\"author\":{\"@id\":\"https:\/\/sherpagranada.com\/blog\/#\/schema\/person\/81c23f07a559b6ee3c0793ac004b14d7\"},\"description\":\"Documental basado en una entrevista realizada por Radio Arag\\u00f3n a nuestro compa\\u00f1ero Fernando Fern\\u00e1ndez Vivancos desde el campo I del Manaslu.\",\"breadcrumb\":{\"@id\":\"https:\/\/sherpagranada.com\/blog\/2020\/05\/13\/expedicion-manaslu-2014\/#breadcrumb\"},\"inLanguage\":\"es\",\"potentialAction\":[{\"@type\":\"ReadAction\",\"target\":[\"https:\/\/sherpagranada.com\/blog\/2020\/05\/13\/expedicion-manaslu-2014\/\"]}]},{\"@type\":\"BreadcrumbList\",\"@id\":\"https:\/\/sherpagranada.com\/blog\/2020\/05\/13\/expedicion-manaslu-2014\/#breadcrumb\",\"itemListElement\":[{\"@type\":\"ListItem\",\"position\":1,\"item\":{\"@type\":\"WebPage\",\"@id\":\"https:\/\/sherpagranada.com\/blog\/\",\"url\":\"https:\/\/sherpagranada.com\/blog\/\",\"name\":\"Home\"}},{\"@type\":\"ListItem\",\"position\":2,\"item\":{\"@type\":\"WebPage\",\"@id\":\"https:\/\/sherpagranada.com\/blog\/2020\/05\/13\/expedicion-manaslu-2014\/\",\"url\":\"https:\/\/sherpagranada.com\/blog\/2020\/05\/13\/expedicion-manaslu-2014\/\",\"name\":\"Expedici\\u00f3n Manaslu 2014\"}}]},{\"@type\":\"Person\",\"@id\":\"https:\/\/sherpagranada.com\/blog\/#\/schema\/person\/81c23f07a559b6ee3c0793ac004b14d7\",\"name\":\"Deportes Sherpa Granada\",\"image\":{\"@type\":\"ImageObject\",\"@id\":\"https:\/\/sherpagranada.com\/blog\/#personlogo\",\"inLanguage\":\"es\",\"url\":\"https:\/\/secure.gravatar.com\/avatar\/99ff72c63e65113f8d80798364c872bf?s=96&d=mm&r=g\",\"caption\":\"Deportes Sherpa Granada\"}}]}<\/script>\n<!-- \/ Yoast SEO plugin. -->","_links":{"self":[{"href":"https:\/\/sherpagranada.com\/blog\/wp-json\/wp\/v2\/posts\/1591"}],"collection":[{"href":"https:\/\/sherpagranada.com\/blog\/wp-json\/wp\/v2\/posts"}],"about":[{"href":"https:\/\/sherpagranada.com\/blog\/wp-json\/wp\/v2\/types\/post"}],"author":[{"embeddable":true,"href":"https:\/\/sherpagranada.com\/blog\/wp-json\/wp\/v2\/users\/3"}],"replies":[{"embeddable":true,"href":"https:\/\/sherpagranada.com\/blog\/wp-json\/wp\/v2\/comments?post=1591"}],"version-history":[{"count":4,"href":"https:\/\/sherpagranada.com\/blog\/wp-json\/wp\/v2\/posts\/1591\/revisions"}],"predecessor-version":[{"id":1597,"href":"https:\/\/sherpagranada.com\/blog\/wp-json\/wp\/v2\/posts\/1591\/revisions\/1597"}],"wp:featuredmedia":[{"embeddable":true,"href":"https:\/\/sherpagranada.com\/blog\/wp-json\/wp\/v2\/media\/1592"}],"wp:attachment":[{"href":"https:\/\/sherpagranada.com\/blog\/wp-json\/wp\/v2\/media?parent=1591"}],"wp:term":[{"taxonomy":"category","embeddable":true,"href":"https:\/\/sherpagranada.com\/blog\/wp-json\/wp\/v2\/categories?post=1591"},{"taxonomy":"post_tag","embeddable":true,"href":"https:\/\/sherpagranada.com\/blog\/wp-json\/wp\/v2\/tags?post=1591"}],"curies":[{"name":"wp","href":"https:\/\/api.w.org\/{rel}","templated":true}]}}