
{"id":575,"date":"2013-09-02T08:48:15","date_gmt":"2013-09-02T08:48:15","guid":{"rendered":"http:\/\/www.sherpagranada.com\/blog\/?p=575"},"modified":"2018-05-25T08:00:50","modified_gmt":"2018-05-25T08:00:50","slug":"i-ultra-trail-sulayr-sierra-nevada","status":"publish","type":"post","link":"https:\/\/sherpagranada.com\/blog\/2013\/09\/02\/i-ultra-trail-sulayr-sierra-nevada\/","title":{"rendered":"I ULTRA TRAIL SULAYR SIERRA NEVADA"},"content":{"rendered":"<p><img loading=\"lazy\" class=\"alignnone size-full wp-image-576\" src=\"http:\/\/www.sherpagranada.com\/blog\/wp-content\/uploads\/2018\/05\/sulayr.png\" alt=\"\" width=\"320\" height=\"453\" srcset=\"https:\/\/sherpagranada.com\/blog\/wp-content\/uploads\/2018\/05\/sulayr.png 320w, https:\/\/sherpagranada.com\/blog\/wp-content\/uploads\/2018\/05\/sulayr-212x300.png 212w\" sizes=\"(max-width: 320px) 100vw, 320px\" \/><\/p>\n<p>Si antes aconsej\u00e1bamos el mes de septiembre para la realizaci\u00f3n de actividades como la escalada, tambi\u00e9n lo hacemos como momento id\u00f3neo para las carreras por monta\u00f1a. Y en este \u00e1mbito te proponemos nada menos que el Ultra Trail Sulayr-Sierra Nevada los pr\u00f3ximos 28 y 29 de septiembre.<\/p>\n<p>Se trata de realizar un Ultra Trail dentro del Espacio Natural de Sierra Nevada utilizando el sendero SULAYR, el GR m\u00e1s extenso en Espa\u00f1a. La mayor parte del recorrido se desarrolla por encima de la cota 1.700, y comprende dos opciones de carrera; la m\u00e1s dura con 95km y una segunda opci\u00f3n con 55 km de recorrido.<\/p>\n<p>Sulayr,\u00a0la monta\u00f1a del sol, palabra con la que los \u00e1rabes conoc\u00edan Sierra Nevada, es la designaci\u00f3n simb\u00f3lica que en nuestros d\u00edas ha dado nombre a un gran sendero. El itinerario circular de mayor longitud en la geograf\u00eda andaluza y espa\u00f1ola. Un bucle de 300 Km para descubrir los singulares paisajes penib\u00e9ticos a trav\u00e9s de una experiencia personal marcada por el contacto directo con la naturaleza y la vivencia de los pueblos serranos.<\/p>\n<p>&nbsp;<\/p>\n<p>&nbsp;<\/p>\n<p>&nbsp;<\/p>\n<p>&nbsp;<\/p>\n<p><u><strong>El I ULTRA TRAIL de 95KM<\/strong><\/u>\u00a0comenzar\u00e1 el d\u00eda Viernes 27 de Septiembre con una charla t\u00e9cnica en el Ayuntamiento de Abrucena para informar a todo los participantes sobre los datos de la prueba y un \u00e1gape de bienvenida, todo ello a partir de las 20:00h.<\/p>\n<p>El S\u00e1bado 28 de Septiembre:<br \/>\n05.00 h. Entrega de Dorsales. Control de material.<br \/>\n06.00 h. Inicio Ultra 95 Km desde Abrucena, Almer\u00eda.<br \/>\n22.00 h. Entrega de Trofeos.<br \/>\n22.30 h. Cena.<\/p>\n<p>El Domingo 29 de Septiembre: 10.00 h Cierre de Meta<\/p>\n<p>Las caracter\u00edsticas de dicho recorrido comprenden un desnivel positivo de unos aproximadamente +4.200 metros y de -4.200 metros negativos a recorrer en un Tiempo m\u00e1ximo de 28 horas.<\/p>\n<p>El I Ultra Trail Sendero Sulayr-Sierra Nevada discurrir\u00e1 por el siguiente recorrido: Abrucena (salida)-La Roza- \u00c1rea Recreativa de La Ragua-Los Cerecillos- La Polarda-Abrucena (llegada), utilizando en todo momento el sendero denominado SULAYR.<\/p>\n<p><img loading=\"lazy\" class=\"alignnone size-full wp-image-577\" src=\"http:\/\/www.sherpagranada.com\/blog\/wp-content\/uploads\/2018\/05\/95km.jpg\" alt=\"\" width=\"480\" height=\"361\" srcset=\"https:\/\/sherpagranada.com\/blog\/wp-content\/uploads\/2018\/05\/95km.jpg 480w, https:\/\/sherpagranada.com\/blog\/wp-content\/uploads\/2018\/05\/95km-300x226.jpg 300w\" sizes=\"(max-width: 480px) 100vw, 480px\" \/><\/p>\n<p>Tanto la prueba de 95 km como la de 55km est\u00e1n abiertas a todos los deportistas con edad m\u00ednima de 18 a\u00f1os cumplidos.<br \/>\nSe establece una modalidad de equipos, los cuales estar\u00e1n compuestos por dos corredores que deben formalizar la inscripci\u00f3n conjuntamente en el apartado espec\u00edfico.<\/p>\n<p>Existir\u00e1n tres categor\u00edas: masculina, femenina y mixta.<br \/>\nEn categor\u00edas individual se subdividen en:<br \/>\n&#8211; Categor\u00eda general Masc y Fem: a partir de 21 a\u00f1os cumplidos el a\u00f1o de referencia.<br \/>\n-Senior Masc y Fem: de 21 a 39 a\u00f1os.<br \/>\n&#8211; Veteranos Masc y Fem: de 40 a 49 cumplidos el a\u00f1o de la competici\u00f3n.<br \/>\n&#8211; Master Masc Y Fem: de 50 en adelante cumplidos el a\u00f1o de la competici\u00f3n.<\/p>\n<p>La tasa de inscripci\u00f3n para la prueba de 95 km desde el 01\/08\/2013 hasta el 25\/09\/2013 es de<br \/>\n70 \u20ac federados<br \/>\n75 \u20ac no federados<\/p>\n<p><u><strong>EL ULTRA TRAIL de 55KM<\/strong><\/u>\u00a0comparte con el de gran recorrido la charla informativa por parte de la organizaci\u00f3n y el \u00e1gape recibido el viernes d\u00eda 27.<\/p>\n<p>El S\u00e1bado 28 de Septiembre:<br \/>\n07.00 h. Entrega de Dorsales. Control de material.<br \/>\n07.30 h. Salida autobuses hacia Area Recreativa La Ragua.<br \/>\n09.00 h. Inicio Ultra 55 Km. La Ragua.<br \/>\n22.00 h. Entrega de Trofeos.<br \/>\n22.30 h. Cena.<br \/>\n00.00 h Cierre de Meta<\/p>\n<p>Las caracter\u00edsticas de dicho recorrido comprenden un desnivel positivo de unos aproximadamente +2.268 metros y de -2.200 metros negativos a recorrer en un Tiempo m\u00e1ximo de 15 horas.<\/p>\n<p>Discurrir\u00e1 por Abrucena (salida), el \u00c1rea recreativa La Ragua, Pista Paterna del R\u00edo, La Polarda y Abrucena (Meta)<\/p>\n<p><img loading=\"lazy\" class=\"alignnone size-full wp-image-578\" src=\"http:\/\/www.sherpagranada.com\/blog\/wp-content\/uploads\/2018\/05\/55km.jpg\" alt=\"\" width=\"480\" height=\"361\" srcset=\"https:\/\/sherpagranada.com\/blog\/wp-content\/uploads\/2018\/05\/55km.jpg 480w, https:\/\/sherpagranada.com\/blog\/wp-content\/uploads\/2018\/05\/55km-300x226.jpg 300w\" sizes=\"(max-width: 480px) 100vw, 480px\" \/><\/p>\n<p>La tasa de inscripci\u00f3n para la prueba de 55 km desde el 01\/08\/2013 hasta el 25\/09\/2013 es de 60 \u20ac federados<br \/>\n65 \u20ac no federados<\/p>\n<p>La organizaci\u00f3n pone a disposici\u00f3n de los participantes y acompa\u00f1antes establecimientos colaboradores con el evento para la pernocta:<\/p>\n<p><a href=\"http:\/\/ultratrailsierranevada.com\/tiotobas.pdf\">Casas Cueva del T\u00edo Tobas .(Alcudia de Guadix)<\/a><br \/>\nPabell\u00f3n Suelo duro. (Abrucena) Gratuito (Capacidad 150 pax).<br \/>\n&#8211; Casas Rurales \u201cLa Jirola\u201d. www.casasruraleslajirola.com. Tfno: 950 350061 \/ 645 463729<br \/>\n&#8211; Alquiler de casas \u201cAbrucena\u201d. Tfno: 645 904920<br \/>\n&#8211; Cortijos rurales \u201cAbrural\u201d. www.abrural.com. Tfno: 950 350019 \/ 636 287012 \/ 620 198036<br \/>\n&#8211; Cortijo rural \u201cLa M\u00e1quina\u201d. Tfno: 605 375711<\/p>\n<p>Es importante leer detenidamente tanto las caracter\u00edsticas (material obligatorio, avituallamientos, controles, reglas de inscripci\u00f3n&#8230;) de la prueba en la que se desee participar como el reglamento dispuesto para cada una.<\/p>\n<p>Para ello hay dispon\u00e9is de una complet\u00edsima p\u00e1gina web en la que consultar tods estos aspectos:<\/p>\n<p><a href=\"http:\/\/ultratrailsierranevada.com\/\">http:\/\/ultratrailsierranevada.com<\/a><\/p>\n<p>&nbsp;<\/p>\n","protected":false},"excerpt":{"rendered":"<p>Si antes aconsej\u00e1bamos el mes de septiembre para la realizaci\u00f3n de actividades como la escalada, tambi\u00e9n lo hacemos como momento id\u00f3neo para las carreras por monta\u00f1a. Y en este \u00e1mbito te proponemos nada menos que el Ultra Trail Sulayr-Sierra Nevada los pr\u00f3ximos 28 y 29 de septiembre. Se trata de realizar un Ultra Trail dentro [&hellip;]<\/p>\n","protected":false},"author":3,"featured_media":0,"comment_status":"open","ping_status":"open","sticky":false,"template":"","format":"standard","meta":[],"categories":[1],"tags":[],"yoast_head":"<!-- This site is optimized with the Yoast SEO plugin v15.9.2 - https:\/\/yoast.com\/wordpress\/plugins\/seo\/ -->\n<title>I ULTRA TRAIL SULAYR SIERRA NEVADA - Deportes Sherpa Granada<\/title>\n<link rel=\"canonical\" href=\"https:\/\/sherpagranada.com\/blog\/2013\/09\/02\/i-ultra-trail-sulayr-sierra-nevada\/\" \/>\n<meta property=\"og:locale\" content=\"es_ES\" \/>\n<meta property=\"og:type\" content=\"article\" \/>\n<meta property=\"og:title\" content=\"I ULTRA TRAIL SULAYR SIERRA NEVADA - Deportes Sherpa Granada\" \/>\n<meta property=\"og:description\" content=\"Si antes aconsej\u00e1bamos el mes de septiembre para la realizaci\u00f3n de actividades como la escalada, tambi\u00e9n lo hacemos como momento id\u00f3neo para las carreras por monta\u00f1a. Y en este \u00e1mbito te proponemos nada menos que el Ultra Trail Sulayr-Sierra Nevada los pr\u00f3ximos 28 y 29 de septiembre. Se trata de realizar un Ultra Trail dentro [&hellip;]\" \/>\n<meta property=\"og:url\" content=\"https:\/\/sherpagranada.com\/blog\/2013\/09\/02\/i-ultra-trail-sulayr-sierra-nevada\/\" \/>\n<meta property=\"og:site_name\" content=\"Deportes Sherpa Granada\" \/>\n<meta property=\"article:published_time\" content=\"2013-09-02T08:48:15+00:00\" \/>\n<meta property=\"article:modified_time\" content=\"2018-05-25T08:00:50+00:00\" \/>\n<meta property=\"og:image\" content=\"http:\/\/www.sherpagranada.com\/blog\/wp-content\/uploads\/2018\/05\/sulayr.png\" \/>\n<meta name=\"twitter:card\" content=\"summary_large_image\" \/>\n<meta name=\"twitter:label1\" content=\"Est. reading time\">\n\t<meta name=\"twitter:data1\" content=\"4 minutos\">\n<script type=\"application\/ld+json\" class=\"yoast-schema-graph\">{\"@context\":\"https:\/\/schema.org\",\"@graph\":[{\"@type\":\"WebSite\",\"@id\":\"https:\/\/sherpagranada.com\/blog\/#website\",\"url\":\"https:\/\/sherpagranada.com\/blog\/\",\"name\":\"Deportes Sherpa Granada\",\"description\":\"Blog sobre deportes de monta\\u00f1a\",\"potentialAction\":[{\"@type\":\"SearchAction\",\"target\":\"https:\/\/sherpagranada.com\/blog\/?s={search_term_string}\",\"query-input\":\"required name=search_term_string\"}],\"inLanguage\":\"es\"},{\"@type\":\"ImageObject\",\"@id\":\"https:\/\/sherpagranada.com\/blog\/2013\/09\/02\/i-ultra-trail-sulayr-sierra-nevada\/#primaryimage\",\"inLanguage\":\"es\",\"url\":\"http:\/\/www.sherpagranada.com\/blog\/wp-content\/uploads\/2018\/05\/sulayr.png\"},{\"@type\":\"WebPage\",\"@id\":\"https:\/\/sherpagranada.com\/blog\/2013\/09\/02\/i-ultra-trail-sulayr-sierra-nevada\/#webpage\",\"url\":\"https:\/\/sherpagranada.com\/blog\/2013\/09\/02\/i-ultra-trail-sulayr-sierra-nevada\/\",\"name\":\"I ULTRA TRAIL SULAYR SIERRA NEVADA - Deportes Sherpa Granada\",\"isPartOf\":{\"@id\":\"https:\/\/sherpagranada.com\/blog\/#website\"},\"primaryImageOfPage\":{\"@id\":\"https:\/\/sherpagranada.com\/blog\/2013\/09\/02\/i-ultra-trail-sulayr-sierra-nevada\/#primaryimage\"},\"datePublished\":\"2013-09-02T08:48:15+00:00\",\"dateModified\":\"2018-05-25T08:00:50+00:00\",\"author\":{\"@id\":\"https:\/\/sherpagranada.com\/blog\/#\/schema\/person\/81c23f07a559b6ee3c0793ac004b14d7\"},\"breadcrumb\":{\"@id\":\"https:\/\/sherpagranada.com\/blog\/2013\/09\/02\/i-ultra-trail-sulayr-sierra-nevada\/#breadcrumb\"},\"inLanguage\":\"es\",\"potentialAction\":[{\"@type\":\"ReadAction\",\"target\":[\"https:\/\/sherpagranada.com\/blog\/2013\/09\/02\/i-ultra-trail-sulayr-sierra-nevada\/\"]}]},{\"@type\":\"BreadcrumbList\",\"@id\":\"https:\/\/sherpagranada.com\/blog\/2013\/09\/02\/i-ultra-trail-sulayr-sierra-nevada\/#breadcrumb\",\"itemListElement\":[{\"@type\":\"ListItem\",\"position\":1,\"item\":{\"@type\":\"WebPage\",\"@id\":\"https:\/\/sherpagranada.com\/blog\/\",\"url\":\"https:\/\/sherpagranada.com\/blog\/\",\"name\":\"Home\"}},{\"@type\":\"ListItem\",\"position\":2,\"item\":{\"@type\":\"WebPage\",\"@id\":\"https:\/\/sherpagranada.com\/blog\/2013\/09\/02\/i-ultra-trail-sulayr-sierra-nevada\/\",\"url\":\"https:\/\/sherpagranada.com\/blog\/2013\/09\/02\/i-ultra-trail-sulayr-sierra-nevada\/\",\"name\":\"I ULTRA TRAIL SULAYR SIERRA NEVADA\"}}]},{\"@type\":\"Person\",\"@id\":\"https:\/\/sherpagranada.com\/blog\/#\/schema\/person\/81c23f07a559b6ee3c0793ac004b14d7\",\"name\":\"Deportes Sherpa Granada\",\"image\":{\"@type\":\"ImageObject\",\"@id\":\"https:\/\/sherpagranada.com\/blog\/#personlogo\",\"inLanguage\":\"es\",\"url\":\"https:\/\/secure.gravatar.com\/avatar\/99ff72c63e65113f8d80798364c872bf?s=96&d=mm&r=g\",\"caption\":\"Deportes Sherpa Granada\"}}]}<\/script>\n<!-- \/ Yoast SEO plugin. -->","_links":{"self":[{"href":"https:\/\/sherpagranada.com\/blog\/wp-json\/wp\/v2\/posts\/575"}],"collection":[{"href":"https:\/\/sherpagranada.com\/blog\/wp-json\/wp\/v2\/posts"}],"about":[{"href":"https:\/\/sherpagranada.com\/blog\/wp-json\/wp\/v2\/types\/post"}],"author":[{"embeddable":true,"href":"https:\/\/sherpagranada.com\/blog\/wp-json\/wp\/v2\/users\/3"}],"replies":[{"embeddable":true,"href":"https:\/\/sherpagranada.com\/blog\/wp-json\/wp\/v2\/comments?post=575"}],"version-history":[{"count":1,"href":"https:\/\/sherpagranada.com\/blog\/wp-json\/wp\/v2\/posts\/575\/revisions"}],"predecessor-version":[{"id":579,"href":"https:\/\/sherpagranada.com\/blog\/wp-json\/wp\/v2\/posts\/575\/revisions\/579"}],"wp:attachment":[{"href":"https:\/\/sherpagranada.com\/blog\/wp-json\/wp\/v2\/media?parent=575"}],"wp:term":[{"taxonomy":"category","embeddable":true,"href":"https:\/\/sherpagranada.com\/blog\/wp-json\/wp\/v2\/categories?post=575"},{"taxonomy":"post_tag","embeddable":true,"href":"https:\/\/sherpagranada.com\/blog\/wp-json\/wp\/v2\/tags?post=575"}],"curies":[{"name":"wp","href":"https:\/\/api.w.org\/{rel}","templated":true}]}}